{"id":13164,"date":"2024-09-19T23:10:38","date_gmt":"2024-09-20T02:10:38","guid":{"rendered":"https:\/\/maspolitica.online\/?p=13164"},"modified":"2024-09-19T23:10:38","modified_gmt":"2024-09-20T02:10:38","slug":"nunes-e-boulos-veem-lideranca-consolidada-trocam-provocacoes-e-deixam-marcal-em-2o-plano","status":"publish","type":"post","link":"https:\/\/maspolitica.online\/index.php\/2024\/09\/19\/nunes-e-boulos-veem-lideranca-consolidada-trocam-provocacoes-e-deixam-marcal-em-2o-plano\/","title":{"rendered":"Nunes e Boulos veem lideran\u00e7a consolidada, trocam provoca\u00e7\u00f5es e deixam Mar\u00e7al em 2\u00ba plano"},"content":{"rendered":"\n<p><\/p>\n\n\n\n<p>Nunes e Boulos veem lideran\u00e7a consolidada, trocam provoca\u00e7\u00f5es e deixam Mar\u00e7al em 2\u00ba plano<\/p>\n\n\n\n<p>Na recente disputa entre Nunes e Boulos, ambos mostraram uma lideran\u00e7a consolidada, trocando provoca\u00e7\u00f5es que evidenciam suas vis\u00f5es e estrat\u00e9gias. Enquanto isso, Mar\u00e7al parece ter ficado em segundo plano, n\u00e3o conseguindo competir pela mesma visibilidade. Essa din\u00e2mica pode influenciar o rumo da campanha, especialmente se a rivalidade entre Nunes e Boulos continuar a esquentar. O que voc\u00ea acha que isso pode significar para o futuro <\/p>\n\n\n\n<p>A corrida para a prefeitura de S\u00e3o Paulo tem se intensificado, com figuras como Nunes e Boulos destacando-se nas discuss\u00f5es. Nunes, com sua experi\u00eancia pol\u00edtica, tenta consolidar sua base, enquanto Boulos, representando uma vis\u00e3o mais progressista, provoca e mobiliza a juventude. Mar\u00e7al, por sua vez, busca se destacar, mas enfrenta desafios em termos de visibilidade e apoio.<\/p>\n\n\n\n<p>As trocas de provoca\u00e7\u00f5es entre Nunes e Boulos t\u00eam atra\u00eddo a aten\u00e7\u00e3o da m\u00eddia e do eleitorado, refletindo as divis\u00f5es pol\u00edticas da cidade. O cen\u00e1rio est\u00e1 em constante evolu\u00e7\u00e3o, e cada um dos candidatos deve definir estrat\u00e9gias eficazes para se destacar e conquistar os votos necess\u00e1rios. Como voc\u00ea v\u00ea as chances de cada um nessa disputa?<\/p>\n\n\n\n<p>Como voc\u00ea v\u00ea as chances de cada um nessa disputa<\/p>\n\n\n\n<p>As chances de Nunes e Boulos na corrida pela prefeitura de S\u00e3o Paulo dependem de v\u00e1rios fatores.<\/p>\n\n\n\n<p><strong>Nunes<\/strong> tem a vantagem da experi\u00eancia pol\u00edtica e um apoio consolidado, o que pode atrair eleitores mais tradicionais. Se ele conseguir manter sua base e apresentar propostas que ressoem com as necessidades da popula\u00e7\u00e3o, pode se manter forte na disputa.<\/p>\n\n\n\n<p><strong>Boulos<\/strong>, por outro lado, tem um apelo progressista e \u00e9 capaz de mobilizar a juventude e os setores mais insatisfeitos com o status quo. Se ele conseguir articular suas propostas de maneira clara e convincente, pode ganhar tra\u00e7\u00e3o e conquistar eleitores que buscam mudan\u00e7a.<\/p>\n\n\n\n<p><strong>Mar\u00e7al<\/strong>, embora esteja em segundo plano, pode surpreender se encontrar um nicho ou uma mensagem que ressoe com o eleitorado. O cen\u00e1rio pode mudar rapidamente, especialmente se surgirem novas quest\u00f5es ou crises que impactem a percep\u00e7\u00e3o dos candidatos.<\/p>\n\n\n\n<p>A din\u00e2mica das campanhas e o engajamento do eleitorado nas pr\u00f3ximas semanas ser\u00e3o cruciais para determinar o resultado. Voc\u00ea tem alguma prefer\u00eancia ou opini\u00e3o sobre como essa corrida deve se desenrolar?<\/p>\n","protected":false},"excerpt":{"rendered":"<p>Nunes e Boulos veem lideran\u00e7a consolidada, trocam provoca\u00e7\u00f5es e deixam Mar\u00e7al em 2\u00ba plano Na recente disputa entre Nunes e<\/p>\n","protected":false},"author":1,"featured_media":13165,"comment_status":"open","ping_status":"open","sticky":true,"template":"","format":"standard","meta":{"colormag_page_container_layout":"default_layout","colormag_page_sidebar_layout":"default_layout","footnotes":""},"categories":[22],"tags":[1888],"class_list":["post-13164","post","type-post","status-publish","format-standard","has-post-thumbnail","hentry","category-eleicoes","tag-politica"],"aioseo_notices":[],"_links":{"self":[{"href":"https:\/\/maspolitica.online\/index.php\/wp-json\/wp\/v2\/posts\/13164","targetHints":{"allow":["GET"]}}],"collection":[{"href":"https:\/\/maspolitica.online\/index.php\/wp-json\/wp\/v2\/posts"}],"about":[{"href":"https:\/\/maspolitica.online\/index.php\/wp-json\/wp\/v2\/types\/post"}],"author":[{"embeddable":true,"href":"https:\/\/maspolitica.online\/index.php\/wp-json\/wp\/v2\/users\/1"}],"replies":[{"embeddable":true,"href":"https:\/\/maspolitica.online\/index.php\/wp-json\/wp\/v2\/comments?post=13164"}],"version-history":[{"count":0,"href":"https:\/\/maspolitica.online\/index.php\/wp-json\/wp\/v2\/posts\/13164\/revisions"}],"wp:featuredmedia":[{"embeddable":true,"href":"https:\/\/maspolitica.online\/index.php\/wp-json\/wp\/v2\/media\/13165"}],"wp:attachment":[{"href":"https:\/\/maspolitica.online\/index.php\/wp-json\/wp\/v2\/media?parent=13164"}],"wp:term":[{"taxonomy":"category","embeddable":true,"href":"https:\/\/maspolitica.online\/index.php\/wp-json\/wp\/v2\/categories?post=13164"},{"taxonomy":"post_tag","embeddable":true,"href":"https:\/\/maspolitica.online\/index.php\/wp-json\/wp\/v2\/tags?post=13164"}],"curies":[{"name":"wp","href":"https:\/\/api.w.org\/{rel}","templated":true}]}}