{"id":13175,"date":"2024-09-28T17:14:19","date_gmt":"2024-09-28T20:14:19","guid":{"rendered":"https:\/\/maspolitica.online\/?p=13175"},"modified":"2024-09-28T17:15:20","modified_gmt":"2024-09-28T20:15:20","slug":"debate-da-record","status":"publish","type":"post","link":"https:\/\/maspolitica.online\/index.php\/2024\/09\/28\/debate-da-record\/","title":{"rendered":"Debate da Record &#8230;&#8230;"},"content":{"rendered":"\n<p>Parece que o debate da Record est\u00e1 trazendo algumas novidades! O uso de copos de pl\u00e1stico e cadeiras fixas pode sugerir uma proposta de simplicidade e informalidade, talvez para focar mais no conte\u00fado das discuss\u00f5es do que na produ\u00e7\u00e3o em si. A presen\u00e7a de uma c\u00e2mera filmando assessores tamb\u00e9m pode indicar uma tentativa de maior transpar\u00eancia, mostrando o ambiente de bastidores e o trabalho das equipes.<\/p>\n\n\n\n<p>Isso pode gerar uma din\u00e2mica diferente no debate, permitindo que o p\u00fablico veja mais intera\u00e7\u00f5es e rea\u00e7\u00f5es. <\/p>\n\n\n\n<p>Cada um dos candidatos poder\u00e1 levar um seguran\u00e7a pr\u00f3prio em sua equipe, al\u00e9m de tr\u00eas assessores.<\/p>\n\n\n\n<p>Preocupa\u00e7\u00f5es dos assessores nos \u00faltimos dias fizeram com que a Record tamb\u00e9m mudasse o modelo de administra\u00e7\u00e3o de tempo nas perguntas e respostas. Inicialmente, seria utilizado o banco de tempo, em que os candidatos fariam a intera\u00e7\u00e3o controlando o pr\u00f3prio per\u00edodo de fala. Contudo, uma atualiza\u00e7\u00e3o nas regras apontou que &#8220;para que n\u00e3o haja interrup\u00e7\u00f5es indevidas nas falas de cada candidato&#8221; ser\u00e1 adotado &#8220;o esquema tradicional de pergunta-resposta-r\u00e9plica-tr\u00e9plica&#8221;. Assim, candidatos far\u00e3o perguntas por 30 segundos, haver\u00e1 2 minutos para a resposta, 1min30s para a r\u00e9plica e 2 minutos para a tr\u00e9plica.<\/p>\n\n\n\n<p><\/p>\n","protected":false},"excerpt":{"rendered":"<p>Parece que o debate da Record est\u00e1 trazendo algumas novidades! O uso de copos de pl\u00e1stico e cadeiras fixas pode<\/p>\n","protected":false},"author":1,"featured_media":13176,"comment_status":"open","ping_status":"open","sticky":true,"template":"","format":"standard","meta":{"colormag_page_container_layout":"default_layout","colormag_page_sidebar_layout":"default_layout","footnotes":""},"categories":[22],"tags":[1888],"class_list":["post-13175","post","type-post","status-publish","format-standard","has-post-thumbnail","hentry","category-eleicoes","tag-politica"],"aioseo_notices":[],"_links":{"self":[{"href":"https:\/\/maspolitica.online\/index.php\/wp-json\/wp\/v2\/posts\/13175","targetHints":{"allow":["GET"]}}],"collection":[{"href":"https:\/\/maspolitica.online\/index.php\/wp-json\/wp\/v2\/posts"}],"about":[{"href":"https:\/\/maspolitica.online\/index.php\/wp-json\/wp\/v2\/types\/post"}],"author":[{"embeddable":true,"href":"https:\/\/maspolitica.online\/index.php\/wp-json\/wp\/v2\/users\/1"}],"replies":[{"embeddable":true,"href":"https:\/\/maspolitica.online\/index.php\/wp-json\/wp\/v2\/comments?post=13175"}],"version-history":[{"count":0,"href":"https:\/\/maspolitica.online\/index.php\/wp-json\/wp\/v2\/posts\/13175\/revisions"}],"wp:featuredmedia":[{"embeddable":true,"href":"https:\/\/maspolitica.online\/index.php\/wp-json\/wp\/v2\/media\/13176"}],"wp:attachment":[{"href":"https:\/\/maspolitica.online\/index.php\/wp-json\/wp\/v2\/media?parent=13175"}],"wp:term":[{"taxonomy":"category","embeddable":true,"href":"https:\/\/maspolitica.online\/index.php\/wp-json\/wp\/v2\/categories?post=13175"},{"taxonomy":"post_tag","embeddable":true,"href":"https:\/\/maspolitica.online\/index.php\/wp-json\/wp\/v2\/tags?post=13175"}],"curies":[{"name":"wp","href":"https:\/\/api.w.org\/{rel}","templated":true}]}}