{"id":13182,"date":"2024-10-05T09:45:38","date_gmt":"2024-10-05T12:45:38","guid":{"rendered":"https:\/\/maspolitica.online\/?p=13182"},"modified":"2024-10-05T09:45:38","modified_gmt":"2024-10-05T12:45:38","slug":"saiba-como-justificar-seu-voto-no-1o-turno-das-eleicoes-2024","status":"publish","type":"post","link":"https:\/\/maspolitica.online\/index.php\/2024\/10\/05\/saiba-como-justificar-seu-voto-no-1o-turno-das-eleicoes-2024\/","title":{"rendered":"Saiba como justificar seu voto no 1\u00ba turno das elei\u00e7\u00f5es 2024"},"content":{"rendered":"\n<p>O cidad\u00e3o que tem voto obrigat\u00f3rio, mas n\u00e3o participa nem justifica, fica impedido de emitir documentos, como a carteira de identidade, prestar concurso p\u00fablico, tirar passaporte e renovar matr\u00edcula em institui\u00e7\u00f5es de ensino do governo. Se n\u00e3o votar em tr\u00eas pleitos consecutivos, o t\u00edtulo \u00e9 cancelado.<\/p>\n\n\n\n<p>Nas v\u00e9speras da elei\u00e7\u00e3o, o interesse no Google Trends por &#8220;como justificar voto&#8221; cresceu nos \u00faltimos 30 dias, assim como perguntas sobre a possibilidade de justificar a aus\u00eancia pelo e-T\u00edtulo.<\/p>\n\n\n\n<p>As buscas por informa\u00e7\u00f5es sobre justificativa de voto na plataforma bateram recorde em 2020, durante as elei\u00e7\u00f5es municipais, desde o in\u00edcio da s\u00e9rie hist\u00f3rica, em 2004. Em meio \u00e0 pandemia, muitos eleitores evitaram sair de casa por medo de contamina\u00e7\u00e3o por coronav\u00edrus.<\/p>\n\n\n\n<p><strong>Como justificar voto?<\/strong><\/p>\n\n\n\n<p>No dia da elei\u00e7\u00e3o Se estiver fora do seu domic\u00edlio eleitoral, pode justificar no dia do pleito pelo e-T\u00edtulo. Basta baixar o aplicativo nas plataformas iOS ou Android, acessar o menu &#8220;mais op\u00e7\u00f5es&#8221; e selecionar a aba &#8220;justificativa de aus\u00eancia&#8221;.<\/p>\n\n\n\n<p>Tamb\u00e9m \u00e9 poss\u00edvel fazer isso por meio do formul\u00e1rio de requerimento de justificativa eleitoral que ser\u00e1 entregue nos locais de vota\u00e7\u00e3o e deve ser preenchido obrigatoriamente com o n\u00famero do t\u00edtulo eleitoral e dados pessoais. O formul\u00e1rio tamb\u00e9m pode ser baixado em arquivo PDF.<\/p>\n\n\n\n<p>Nesse caso, n\u00e3o ser\u00e3o exigidos documentos que comprovem o motivo da aus\u00eancia quando a justificativa for apresentada no dia da elei\u00e7\u00e3o.<\/p>\n\n\n\n<p>Ap\u00f3s a elei\u00e7\u00e3o A justificava poder\u00e1 ser feita at\u00e9 5 de dezembro, em rela\u00e7\u00e3o ao 1\u00ba turno, e at\u00e9 7 de janeiro de 2025, em rela\u00e7\u00e3o ao 2\u00ba turno, tamb\u00e9m pelo e-T\u00edtulo ou pelo Sistema Justifica.<\/p>\n\n\n\n<p>Al\u00e9m dessas op\u00e7\u00f5es, o eleitor pode entregar o requerimento de justificativa eleitoral em qualquer cart\u00f3rio ou envi\u00e1-lo via postal \u00e0 autoridade judici\u00e1ria da zona eleitoral respons\u00e1vel pelo t\u00edtulo. Este documento difere daquele preenchido no dia da elei\u00e7\u00e3o.<\/p>\n\n\n\n<p>Se a justificava n\u00e3o for aceita ou for feita fora do prazo, o eleitor vai pagar uma multa no valor de R$ 3,51 por turno, que poder\u00e1 ser quitada pelo Servi\u00e7o Consulta de d\u00e9bitos eleitorais, pelo e-T\u00edtulo ou no cart\u00f3rio eleitoral. As formas de pagamento aceitas s\u00e3o boleto, PIX ou cart\u00e3o de cr\u00e9dito.<\/p>\n\n\n\n<p>Eleitores no exterior Caso esteja fora, e o seu t\u00edtulo perten\u00e7a a uma zona eleitoral do Brasil, a justificativa poder\u00e1 ser feita tamb\u00e9m pelo e-T\u00edtulo ou pelo Sistema Justifica no dia da elei\u00e7\u00e3o ou at\u00e9 30 dias ap\u00f3s seu retorno ao Brasil.<\/p>\n\n\n\n<p>Outra maneira \u00e9 encaminhar, ap\u00f3s o pleito, o formul\u00e1rio de requerimento de justificativa eleitoral, juntamente com a documenta\u00e7\u00e3o que comprove a impossibilidade de comparecimento \u00e0s urnas, por meio dos servi\u00e7os de postagem \u00e0 autoridade judici\u00e1ria da zona eleitoral respons\u00e1vel pelo t\u00edtulo.<\/p>\n\n\n\n<p>O brasileiro com t\u00edtulo da zona eleitoral do exterior tamb\u00e9m poder\u00e1 justificar s<\/p>\n","protected":false},"excerpt":{"rendered":"<p>O cidad\u00e3o que tem voto obrigat\u00f3rio, mas n\u00e3o participa nem justifica, fica impedido de emitir documentos, como a carteira de<\/p>\n","protected":false},"author":1,"featured_media":13183,"comment_status":"open","ping_status":"open","sticky":true,"template":"","format":"standard","meta":{"colormag_page_container_layout":"default_layout","colormag_page_sidebar_layout":"default_layout","footnotes":""},"categories":[22],"tags":[1888],"class_list":["post-13182","post","type-post","status-publish","format-standard","has-post-thumbnail","hentry","category-eleicoes","tag-politica"],"aioseo_notices":[],"_links":{"self":[{"href":"https:\/\/maspolitica.online\/index.php\/wp-json\/wp\/v2\/posts\/13182","targetHints":{"allow":["GET"]}}],"collection":[{"href":"https:\/\/maspolitica.online\/index.php\/wp-json\/wp\/v2\/posts"}],"about":[{"href":"https:\/\/maspolitica.online\/index.php\/wp-json\/wp\/v2\/types\/post"}],"author":[{"embeddable":true,"href":"https:\/\/maspolitica.online\/index.php\/wp-json\/wp\/v2\/users\/1"}],"replies":[{"embeddable":true,"href":"https:\/\/maspolitica.online\/index.php\/wp-json\/wp\/v2\/comments?post=13182"}],"version-history":[{"count":1,"href":"https:\/\/maspolitica.online\/index.php\/wp-json\/wp\/v2\/posts\/13182\/revisions"}],"predecessor-version":[{"id":13184,"href":"https:\/\/maspolitica.online\/index.php\/wp-json\/wp\/v2\/posts\/13182\/revisions\/13184"}],"wp:featuredmedia":[{"embeddable":true,"href":"https:\/\/maspolitica.online\/index.php\/wp-json\/wp\/v2\/media\/13183"}],"wp:attachment":[{"href":"https:\/\/maspolitica.online\/index.php\/wp-json\/wp\/v2\/media?parent=13182"}],"wp:term":[{"taxonomy":"category","embeddable":true,"href":"https:\/\/maspolitica.online\/index.php\/wp-json\/wp\/v2\/categories?post=13182"},{"taxonomy":"post_tag","embeddable":true,"href":"https:\/\/maspolitica.online\/index.php\/wp-json\/wp\/v2\/tags?post=13182"}],"curies":[{"name":"wp","href":"https:\/\/api.w.org\/{rel}","templated":true}]}}