{"id":13186,"date":"2024-10-07T22:26:38","date_gmt":"2024-10-08T01:26:38","guid":{"rendered":"https:\/\/maspolitica.online\/?p=13186"},"modified":"2024-10-07T22:26:38","modified_gmt":"2024-10-08T01:26:38","slug":"vereador-mais-votado-de-sp-e-do-brasil-e-apoiador-de-marcal-e-nikolas-ferreira","status":"publish","type":"post","link":"https:\/\/maspolitica.online\/index.php\/2024\/10\/07\/vereador-mais-votado-de-sp-e-do-brasil-e-apoiador-de-marcal-e-nikolas-ferreira\/","title":{"rendered":"Vereador mais votado de SP e do Brasil \u00e9 apoiador de Mar\u00e7al e Nikolas Ferreira"},"content":{"rendered":"\n<p><strong>L<\/strong>ucas Pavanato (PL) foi o vereador mais votado da cidade de S\u00e3o Paulo e de todo o Brasil nas elei\u00e7\u00f5es deste domingo, 6, com 159.925 votos. Ao&nbsp;<strong>Estad\u00e3o<\/strong>, Pavanato, que assume o cargo pela primeira vez, afirmou que pretende propor projetos baseados nos valores conservadores que o elegeram e provocou, dizendo que a oposi\u00e7\u00e3o ter\u00e1 que &#8220;aguentar&#8221; seu estilo de fazer pol\u00edtica.<\/p>\n\n\n\n<p>&#8220;Viemos para ficar e, todos aqueles que n\u00e3o gostam de lidar com a gente, n\u00e3o gostam de lidar com pol\u00edticos como a gente, eles ter\u00e3o que nos aguentar, porque n\u00f3s vamos continuar ocupando espa\u00e7o&#8221;, disse.<\/p>\n\n\n\n<p>Pr\u00f3ximo do deputado federal Nikolas Ferreira (PL-MG), a quem classifica como &#8220;grande amigo&#8221;, Pavanato disse que planeja reproduzir o estilo do parlamentar mineiro em S\u00e3o Paulo, mobilizando o eleitorado de direita em torno de temas importantes para esse segmento. &#8220;Ele \u00e9 uma grande inspira\u00e7\u00e3o para mim.&#8221;<\/p>\n\n\n\n<p>Como mostrou o&nbsp;<strong>Estad\u00e3o<\/strong>, Pavanato faz parte da nova gera\u00e7\u00e3o de pol\u00edticos que domina a comunica\u00e7\u00e3o nas redes sociais. N\u00e3o por acaso, ele \u00e9 o campe\u00e3o de intera\u00e7\u00f5es (soma de curtidas, coment\u00e1rios e compartilhamentos) no Instagram e no TikTok entre os candidatos de 18 a 29 anos no pleito.<\/p>\n\n\n\n<p>As informa\u00e7\u00f5es constam no relat\u00f3rio quinzenal (de 30 de agosto a 13 de setembro) do &#8220;Monitoramento das Elei\u00e7\u00f5es Municipais de 2024&#8221;, coordenado por um grupo interdisciplinar de pesquisadores da USP.<\/p>\n\n\n\n<p>O agora vereador tamb\u00e9m apoiou a candidatura de Pablo Mar\u00e7al (PRTB) \u00e0 Prefeitura de S\u00e3o Paulo, fazendo diversas publica\u00e7\u00f5es em suas redes sociais em favor do ex-coach durante a campanha.<\/p>\n\n\n\n<p>Al\u00e9m de Pavanato, que \u00e9 estreante na C\u00e2mara Municipal, os outros quatro mais votados tamb\u00e9m assumir\u00e3o o cargo pela primeira vez. A vota\u00e7\u00e3o na capital paulista definiu 55 vereadores que ir\u00e3o compor a C\u00e2mara a partir de 2025.<\/p>\n","protected":false},"excerpt":{"rendered":"<p>Lucas Pavanato (PL) foi o vereador mais votado da cidade de S\u00e3o Paulo e de todo o Brasil nas elei\u00e7\u00f5es<\/p>\n","protected":false},"author":1,"featured_media":13187,"comment_status":"open","ping_status":"open","sticky":true,"template":"","format":"standard","meta":{"colormag_page_container_layout":"default_layout","colormag_page_sidebar_layout":"default_layout","footnotes":""},"categories":[22],"tags":[1888],"class_list":["post-13186","post","type-post","status-publish","format-standard","has-post-thumbnail","hentry","category-eleicoes","tag-politica"],"aioseo_notices":[],"_links":{"self":[{"href":"https:\/\/maspolitica.online\/index.php\/wp-json\/wp\/v2\/posts\/13186","targetHints":{"allow":["GET"]}}],"collection":[{"href":"https:\/\/maspolitica.online\/index.php\/wp-json\/wp\/v2\/posts"}],"about":[{"href":"https:\/\/maspolitica.online\/index.php\/wp-json\/wp\/v2\/types\/post"}],"author":[{"embeddable":true,"href":"https:\/\/maspolitica.online\/index.php\/wp-json\/wp\/v2\/users\/1"}],"replies":[{"embeddable":true,"href":"https:\/\/maspolitica.online\/index.php\/wp-json\/wp\/v2\/comments?post=13186"}],"version-history":[{"count":1,"href":"https:\/\/maspolitica.online\/index.php\/wp-json\/wp\/v2\/posts\/13186\/revisions"}],"predecessor-version":[{"id":13188,"href":"https:\/\/maspolitica.online\/index.php\/wp-json\/wp\/v2\/posts\/13186\/revisions\/13188"}],"wp:featuredmedia":[{"embeddable":true,"href":"https:\/\/maspolitica.online\/index.php\/wp-json\/wp\/v2\/media\/13187"}],"wp:attachment":[{"href":"https:\/\/maspolitica.online\/index.php\/wp-json\/wp\/v2\/media?parent=13186"}],"wp:term":[{"taxonomy":"category","embeddable":true,"href":"https:\/\/maspolitica.online\/index.php\/wp-json\/wp\/v2\/categories?post=13186"},{"taxonomy":"post_tag","embeddable":true,"href":"https:\/\/maspolitica.online\/index.php\/wp-json\/wp\/v2\/tags?post=13186"}],"curies":[{"name":"wp","href":"https:\/\/api.w.org\/{rel}","templated":true}]}}