{"id":13203,"date":"2024-10-29T16:19:51","date_gmt":"2024-10-29T19:19:51","guid":{"rendered":"https:\/\/maspolitica.online\/?p=13203"},"modified":"2024-10-29T16:19:51","modified_gmt":"2024-10-29T19:19:51","slug":"governo-lula-enfrenta-pressao-rumo-ao-centro-apos-resultado-da-eleicao","status":"publish","type":"post","link":"https:\/\/maspolitica.online\/index.php\/2024\/10\/29\/governo-lula-enfrenta-pressao-rumo-ao-centro-apos-resultado-da-eleicao\/","title":{"rendered":"Governo Lula enfrenta press\u00e3o rumo ao centro ap\u00f3s resultado da elei\u00e7\u00e3o"},"content":{"rendered":"\n<p>A leitura \u00e9 que o pleito municipal deixou claro que o pa\u00eds buscou fugir da polariza\u00e7\u00e3o entre direita e esquerda e acabou fortalecendo os partidos de centro, como PSD, MDB e Uni\u00e3o Brasil, que agora ganham poder de barganha para exigir mudan\u00e7as de rumo como condi\u00e7\u00e3o para seguirem no governo e se alinharem em 2026<\/p>\n\n\n\n<p>&#8211; Aliados do presidente Lula (PT) e integrantes do governo federal apostam que a atual gest\u00e3o dever\u00e1 fazer um movimento em dire\u00e7\u00e3o ao centro, como resultado do segundo turno das elei\u00e7\u00f5es municipais e seguindo o apelo de l\u00edderes que integram a base governista.<\/p>\n\n\n\n<p>A leitura \u00e9 que o pleito municipal deixou claro que o pa\u00eds buscou fugir da polariza\u00e7\u00e3o entre direita e esquerda e acabou fortalecendo os partidos de centro, como PSD, MDB e Uni\u00e3o Brasil, que agora ganham poder de barganha para exigir mudan\u00e7as de rumo como condi\u00e7\u00e3o para seguirem no governo e se alinharem em 2026.<\/p>\n\n\n\n<p>Com a gest\u00e3o Lula sob press\u00e3o, a lista de reivindica\u00e7\u00f5es de integrantes dessas siglas inclui a influ\u00eancia sobre uma esperada reforma ministerial nos pr\u00f3ximos meses, a solu\u00e7\u00e3o de problemas que emperram a libera\u00e7\u00e3o de emendas parlamentares, mudan\u00e7as na articula\u00e7\u00e3o pol\u00edtica e a ado\u00e7\u00e3o de uma posi\u00e7\u00e3o mais clara sobre a pol\u00edtica econ\u00f4mica do governo.<\/p>\n\n\n\n<p>Al\u00e9m disso, aconselham que o governo deixe de lado, por enquanto, a agenda mais identit\u00e1ria, de esquerda, para evitar ru\u00eddos.<\/p>\n\n\n\n<p>Esses partidos afirmam que a frente ampla n\u00e3o pode ser apenas um adesismo ao governo. Precisa refletir as vis\u00f5es dessas siglas, em um projeto conjunto.<\/p>\n\n\n\n<p>O resultado do segundo turno ressaltou a fragilidade dos partidos de esquerda e centro-esquerda, que comp\u00f5em a base mais ideol\u00f3gica do governo Lula. O PT teve como \u00fanico trof\u00e9u nas capitais a conquista de Fortaleza.<\/p>\n\n\n\n<p>Nas palavras do ministro Alexandre Padilha (Rela\u00e7\u00f5es Institucionais), o partido &#8220;ainda n\u00e3o saiu do Z4 [zona do rebaixamento] que entrou em 2016 nas elei\u00e7\u00f5es municipais&#8221;.<\/p>\n\n\n\n<p>Por outro lado, as siglas de centro foram apontadas como as grandes vitoriosas O PSD de Gilberto Kassab \u00e9 o partido com mais munic\u00edpios sob seu comando a partir de 2025, com 887 prefeituras \u2013aparecem na sequ\u00eancia MDB e PP, com 856 e 747.<\/p>\n","protected":false},"excerpt":{"rendered":"<p>A leitura \u00e9 que o pleito municipal deixou claro que o pa\u00eds buscou fugir da polariza\u00e7\u00e3o entre direita e esquerda<\/p>\n","protected":false},"author":1,"featured_media":13204,"comment_status":"open","ping_status":"open","sticky":true,"template":"","format":"standard","meta":{"colormag_page_container_layout":"default_layout","colormag_page_sidebar_layout":"default_layout","footnotes":""},"categories":[43],"tags":[1888],"class_list":["post-13203","post","type-post","status-publish","format-standard","has-post-thumbnail","hentry","category-politica","tag-politica"],"aioseo_notices":[],"_links":{"self":[{"href":"https:\/\/maspolitica.online\/index.php\/wp-json\/wp\/v2\/posts\/13203","targetHints":{"allow":["GET"]}}],"collection":[{"href":"https:\/\/maspolitica.online\/index.php\/wp-json\/wp\/v2\/posts"}],"about":[{"href":"https:\/\/maspolitica.online\/index.php\/wp-json\/wp\/v2\/types\/post"}],"author":[{"embeddable":true,"href":"https:\/\/maspolitica.online\/index.php\/wp-json\/wp\/v2\/users\/1"}],"replies":[{"embeddable":true,"href":"https:\/\/maspolitica.online\/index.php\/wp-json\/wp\/v2\/comments?post=13203"}],"version-history":[{"count":1,"href":"https:\/\/maspolitica.online\/index.php\/wp-json\/wp\/v2\/posts\/13203\/revisions"}],"predecessor-version":[{"id":13205,"href":"https:\/\/maspolitica.online\/index.php\/wp-json\/wp\/v2\/posts\/13203\/revisions\/13205"}],"wp:featuredmedia":[{"embeddable":true,"href":"https:\/\/maspolitica.online\/index.php\/wp-json\/wp\/v2\/media\/13204"}],"wp:attachment":[{"href":"https:\/\/maspolitica.online\/index.php\/wp-json\/wp\/v2\/media?parent=13203"}],"wp:term":[{"taxonomy":"category","embeddable":true,"href":"https:\/\/maspolitica.online\/index.php\/wp-json\/wp\/v2\/categories?post=13203"},{"taxonomy":"post_tag","embeddable":true,"href":"https:\/\/maspolitica.online\/index.php\/wp-json\/wp\/v2\/tags?post=13203"}],"curies":[{"name":"wp","href":"https:\/\/api.w.org\/{rel}","templated":true}]}}