{"id":13212,"date":"2024-12-10T20:30:54","date_gmt":"2024-12-10T23:30:54","guid":{"rendered":"https:\/\/maspolitica.online\/?p=13212"},"modified":"2024-12-11T19:49:51","modified_gmt":"2024-12-11T22:49:51","slug":"luiz-inacio-lula-da-silva-passou-por-uma-cirurgia-de-emergencia","status":"publish","type":"post","link":"https:\/\/maspolitica.online\/index.php\/2024\/12\/10\/luiz-inacio-lula-da-silva-passou-por-uma-cirurgia-de-emergencia\/","title":{"rendered":"Luiz In\u00e1cio Lula da Silva passou por uma cirurgia de emerg\u00eancia"},"content":{"rendered":"\n<p><\/p>\n\n\n\n<p>O presidente Luiz In\u00e1cio Lula da Silva passou por uma cirurgia de emerg\u00eancia no Hospital S\u00edrio-Liban\u00eas, em S\u00e3o Paulo, na madrugada de 10 de dezembro de 2024. O procedimento foi necess\u00e1rio para tratar um hematoma intracraniano causado por um acidente ocorrido em outubro, quando Lula sofreu uma queda no banheiro do Pal\u00e1cio da Alvorada. Ap\u00f3s sentir dores de cabe\u00e7a intensas, ele foi submetido a uma craniotomia, t\u00e9cnica que consiste na remo\u00e7\u00e3o tempor\u00e1ria de parte do cr\u00e2nio para acessar o c\u00e9rebro e drenar o sangue acumulado.<\/p>\n\n\n\n<p>A cirurgia foi realizada com sucesso, e o presidente est\u00e1 em recupera\u00e7\u00e3o na Unidade de Terapia Intensiva (UTI), com quadro de sa\u00fade est\u00e1vel. A equipe m\u00e9dica considera o procedimento bem-sucedido e est\u00e1 otimista quanto \u00e0 recupera\u00e7\u00e3o do presidente\u200b<\/p>\n\n\n\n<p><\/p>\n\n\n\n<p>\u200b<a href=\"https:\/\/maspolitica.online\/\" title=\"\">https:\/\/maspolitica.online\/<\/a> para mais noticias<\/p>\n","protected":false},"excerpt":{"rendered":"<p>O presidente Luiz In\u00e1cio Lula da Silva passou por uma cirurgia de emerg\u00eancia no Hospital S\u00edrio-Liban\u00eas, em S\u00e3o Paulo, na<\/p>\n","protected":false},"author":1,"featured_media":13213,"comment_status":"open","ping_status":"open","sticky":true,"template":"","format":"standard","meta":{"colormag_page_container_layout":"default_layout","colormag_page_sidebar_layout":"default_layout","footnotes":""},"categories":[43],"tags":[1888],"class_list":["post-13212","post","type-post","status-publish","format-standard","has-post-thumbnail","hentry","category-politica","tag-politica"],"aioseo_notices":[],"_links":{"self":[{"href":"https:\/\/maspolitica.online\/index.php\/wp-json\/wp\/v2\/posts\/13212","targetHints":{"allow":["GET"]}}],"collection":[{"href":"https:\/\/maspolitica.online\/index.php\/wp-json\/wp\/v2\/posts"}],"about":[{"href":"https:\/\/maspolitica.online\/index.php\/wp-json\/wp\/v2\/types\/post"}],"author":[{"embeddable":true,"href":"https:\/\/maspolitica.online\/index.php\/wp-json\/wp\/v2\/users\/1"}],"replies":[{"embeddable":true,"href":"https:\/\/maspolitica.online\/index.php\/wp-json\/wp\/v2\/comments?post=13212"}],"version-history":[{"count":1,"href":"https:\/\/maspolitica.online\/index.php\/wp-json\/wp\/v2\/posts\/13212\/revisions"}],"predecessor-version":[{"id":13214,"href":"https:\/\/maspolitica.online\/index.php\/wp-json\/wp\/v2\/posts\/13212\/revisions\/13214"}],"wp:featuredmedia":[{"embeddable":true,"href":"https:\/\/maspolitica.online\/index.php\/wp-json\/wp\/v2\/media\/13213"}],"wp:attachment":[{"href":"https:\/\/maspolitica.online\/index.php\/wp-json\/wp\/v2\/media?parent=13212"}],"wp:term":[{"taxonomy":"category","embeddable":true,"href":"https:\/\/maspolitica.online\/index.php\/wp-json\/wp\/v2\/categories?post=13212"},{"taxonomy":"post_tag","embeddable":true,"href":"https:\/\/maspolitica.online\/index.php\/wp-json\/wp\/v2\/tags?post=13212"}],"curies":[{"name":"wp","href":"https:\/\/api.w.org\/{rel}","templated":true}]}}