{"id":13235,"date":"2025-02-05T13:21:54","date_gmt":"2025-02-05T16:21:54","guid":{"rendered":"https:\/\/maspolitica.online\/?p=13235"},"modified":"2025-02-18T08:47:52","modified_gmt":"2025-02-18T11:47:52","slug":"gusttavo-lima-comemora-pesquisa-sobre-2026-e-diz-que-so-deus-pode-parar-sonho","status":"publish","type":"post","link":"https:\/\/maspolitica.online\/index.php\/2025\/02\/05\/gusttavo-lima-comemora-pesquisa-sobre-2026-e-diz-que-so-deus-pode-parar-sonho\/","title":{"rendered":"Gusttavo Lima comemora pesquisa sobre 2026"},"content":{"rendered":"\n<p><a href=\"https:\/\/mundomusical.online\/?p=1064\"><time datetime=\"\"><\/time><\/a><a href=\"https:\/\/mundomusical.online\/?author=1\"><\/a><\/p>\n\n\n\n<p>O cantor sertanejo Gusttavo Lima (sem partido) comemorou nesta segunda-feira (3) os resultados da pesquisa Genial\/Quaest sobre as elei\u00e7\u00f5es de 2026, que o apontou como o nome com menor desvantagem ante Lula (PT) em cen\u00e1rios de segundo turno entre a direita para a Presid\u00eancia da Rep\u00fablica.<\/p>\n\n\n\n<p>Ele teria 35% em uma segunda rodada conta o petista, que marcaria 41%, conforme o levantamento. Outros nomes testados foram Tarc\u00edsio de Freitas (Republicanos), Pablo Mar\u00e7al (PRTB) e Eduardo Bolsonaro (PL), al\u00e9m de Romeu Zema (Novo) e Ronaldo Caiado (Uni\u00e3o Brasil).<\/p>\n\n\n\n<p>Esta foi a primeira pesquisa do instituto em que o nome dele foi citado como op\u00e7\u00e3o aos entrevistados, diante da manifesta\u00e7\u00e3o do cantor de que teria a inten\u00e7\u00e3o de concorrer \u00e0 chefia do Executivo federal.<\/p>\n\n\n\n<p>Em publica\u00e7\u00e3o nas redes sociais, o sertanejo disse que n\u00e3o esperava pelo resultado divulgado e agradeceu.<\/p>\n\n\n\n<p>\u201cEu vim aqui de cora\u00e7\u00e3o dizer a voc\u00eas que gostam de mim, que me acompanham, uma \u00fanica coisa: s\u00f3 Deus, s\u00f3 ele l\u00e1, pode parar um sonho. Ent\u00e3o, beb\u00ea, queria dizer dizer para voc\u00eas que estou aqui ouvindo voc\u00eas, independente de qualquer coisa. O Brasil tem jeito, n\u00e3o vamos desistir do Brasil\u201d, afirmou.<\/p>\n\n\n\n<p>\u201cAcho que a parte mais dif\u00edcil da minha vida foi sair de onde eu sai e chegar at\u00e9 aqui. De onde eu sa\u00ed existem milh\u00f5es, e de toda forma, a mim me importa. Nossa hist\u00f3ria est\u00e1 come\u00e7ando agora, viva o Brasil, vamos com tudo\u201d, concluiu Gusttavo Lima.<\/p>\n\n\n\n<p>O cantor manifestou no come\u00e7o do ano a inten\u00e7\u00e3o de se candidatar \u00e0 Presid\u00eancia e disse estar \u00e0 procura de um partido. O governador de Goi\u00e1s, Ronaldo Caiado, convidou o cantor para que se filie ao Uni\u00e3o Brasil, e o ex-presidente Jair Bolsonaro (PL) disse consider\u00e1-lo como bom nome para disputa ao Senado.<\/p>\n\n\n\n<p>A Genial\/Quaest entrevistou presencialmente 4.500 brasileiros de 16 anos ou mais nos dias 23 a 26 de janeiro, com margem de erro de um ponto percentual para cima ou para baixo.<\/p>\n\n\n\n<p>O levantamento \u00e9 financiado pela corretora de investimentos digital Genial Investimentos, controlada pelo banco Genial.<\/p>\n\n\n\n<p><a href=\"https:\/\/maspolitica.online\">https:\/\/maspolitica.online<\/a><\/p>\n","protected":false},"excerpt":{"rendered":"<p>O cantor sertanejo Gusttavo Lima (sem partido) comemorou nesta segunda-feira (3) os resultados da pesquisa Genial\/Quaest sobre as elei\u00e7\u00f5es de<\/p>\n","protected":false},"author":1,"featured_media":13236,"comment_status":"open","ping_status":"open","sticky":true,"template":"","format":"standard","meta":{"colormag_page_container_layout":"default_layout","colormag_page_sidebar_layout":"default_layout","footnotes":""},"categories":[22],"tags":[1890,1888],"class_list":["post-13235","post","type-post","status-publish","format-standard","has-post-thumbnail","hentry","category-eleicoes","tag-bosonaro","tag-politica"],"aioseo_notices":[],"_links":{"self":[{"href":"https:\/\/maspolitica.online\/index.php\/wp-json\/wp\/v2\/posts\/13235","targetHints":{"allow":["GET"]}}],"collection":[{"href":"https:\/\/maspolitica.online\/index.php\/wp-json\/wp\/v2\/posts"}],"about":[{"href":"https:\/\/maspolitica.online\/index.php\/wp-json\/wp\/v2\/types\/post"}],"author":[{"embeddable":true,"href":"https:\/\/maspolitica.online\/index.php\/wp-json\/wp\/v2\/users\/1"}],"replies":[{"embeddable":true,"href":"https:\/\/maspolitica.online\/index.php\/wp-json\/wp\/v2\/comments?post=13235"}],"version-history":[{"count":2,"href":"https:\/\/maspolitica.online\/index.php\/wp-json\/wp\/v2\/posts\/13235\/revisions"}],"predecessor-version":[{"id":13294,"href":"https:\/\/maspolitica.online\/index.php\/wp-json\/wp\/v2\/posts\/13235\/revisions\/13294"}],"wp:featuredmedia":[{"embeddable":true,"href":"https:\/\/maspolitica.online\/index.php\/wp-json\/wp\/v2\/media\/13236"}],"wp:attachment":[{"href":"https:\/\/maspolitica.online\/index.php\/wp-json\/wp\/v2\/media?parent=13235"}],"wp:term":[{"taxonomy":"category","embeddable":true,"href":"https:\/\/maspolitica.online\/index.php\/wp-json\/wp\/v2\/categories?post=13235"},{"taxonomy":"post_tag","embeddable":true,"href":"https:\/\/maspolitica.online\/index.php\/wp-json\/wp\/v2\/tags?post=13235"}],"curies":[{"name":"wp","href":"https:\/\/api.w.org\/{rel}","templated":true}]}}