{"id":13347,"date":"2025-04-22T22:02:06","date_gmt":"2025-04-23T01:02:06","guid":{"rendered":"https:\/\/maspolitica.online\/?p=13347"},"modified":"2025-04-22T22:02:33","modified_gmt":"2025-04-23T01:02:33","slug":"lula-e-janja-irao-ao-funeral-do-papa-francisco-em-roma","status":"publish","type":"post","link":"https:\/\/maspolitica.online\/index.php\/2025\/04\/22\/lula-e-janja-irao-ao-funeral-do-papa-francisco-em-roma\/","title":{"rendered":"Lula e Janja ir\u00e3o ao funeral do papa Francisco em Roma"},"content":{"rendered":"\n<h2 class=\"wp-block-heading\">O petista viajar\u00e1 a Roma acompanhado da primeira-dama Ros\u00e2ngela Silva, a Janja. A comitiva completa deve ser anunciada pelo Pal\u00e1cio no Planalto nesta ter\u00e7a-feira (22).<\/h2>\n\n\n\n<p>&nbsp;O presidente Luiz In\u00e1cio Lula da Silva (PT) vai comparecer ao funeral do papa Francisco, que morreu nesta segunda-feira (21) em decorr\u00eancia de um AVC (acidente vascular cerebral) e insufici\u00eancia card\u00edaca, segundo o Vaticano.<\/p>\n\n\n\n<p>O petista viajar\u00e1 a Roma acompanhado da primeira-dama Ros\u00e2ngela Silva, a Janja. A comitiva completa deve ser anunciada pelo Pal\u00e1cio no Planalto nesta ter\u00e7a-feira (22).<\/p>\n\n\n\n<p>A data da viagem ainda n\u00e3o est\u00e1 confirmada e depende da defini\u00e7\u00e3o do protocolo das solenidades pelo Vaticano, informou a Secom (Secretaria de Comunica\u00e7\u00e3o Social) da Presid\u00eancia.<br>O corpo do pont\u00edfice deve ser levado na pr\u00f3xima quarta (23) \u00e0 Bas\u00edlica de S\u00e3o Pedro para que o p\u00fablico possa prestar suas homenagens ao papa Francisco. A decis\u00e3o da data, assim como outros detalhes do sepultamento, caber\u00e1 ao camerlengo -cargo atualmente ocupado pelo irland\u00eas americano Kevin Joseph Farrell.<\/p>\n\n\n\n<p>&#8220;O traslado dos restos mortais do Santo Padre para a Bas\u00edlica do Vaticano, para a venera\u00e7\u00e3o de todos os fi\u00e9is, poder\u00e1 ocorrer na manh\u00e3 de quarta-feira, 23 de abril de 2025, de acordo com os arranjos que ser\u00e3o determinados e comunicados amanh\u00e3 [ter\u00e7a, 22], ap\u00f3s a primeira Congrega\u00e7\u00e3o dos Cardeais&#8221;, antecipou o diretor do escrit\u00f3rio de imprensa da Santa S\u00e9, Matteo Bruni.<\/p>\n\n\n\n<p>Mais cedo, em nota, Lula declarou luto oficial de sete dias no Brasil pela morte do papa. &#8220;A humanidade perde hoje uma voz de respeito e acolhimento ao pr\u00f3ximo. O papa Francisco viveu e propagou em seu dia a dia o amor, a toler\u00e2ncia e a solidariedade que s\u00e3o a base dos ensinamentos crist\u00e3os&#8221;, disse o presidente.<\/p>\n\n\n\n<p>O chefe do Executivo tamb\u00e9m ressaltou a atua\u00e7\u00e3o do pont\u00edfice com rela\u00e7\u00e3o ao tema das mudan\u00e7as clim\u00e1ticas. &#8220;Criticou vigorosamente os modelos econ\u00f4micos que levaram a humanidade a produzir tantas injusti\u00e7as. Mostrou que esse mesmo modelo \u00e9 que gera desigualdade entre pa\u00edses e pessoas&#8221;, acrescentou.<\/p>\n\n\n\n<p>&#8220;E sempre se colocou ao lado daqueles que mais precisam: os pobres, os refugiados, os jovens, os idosos e as v\u00edtimas das guerras e de todas as formas de preconceito.&#8221;<\/p>\n\n\n\n<p>Em 2005, durante seu primeiro mandato, Lula foi ao funeral do papa Jo\u00e3o Paulo II acompanhado dos ex-presidentes Fernando Henrique Cardoso e Jos\u00e9 Sarney.<\/p>\n\n\n\n<p>Na \u00e9poca, a comitiva brasileira contou com a primeira-dama Marisa Let\u00edcia, os presidentes Renan Calheiros (Senado), Severino Cavalcanti (C\u00e2mara dos Deputados) e Nelson Jobim (Supremo Tribunal Federal), al\u00e9m do chanceler Celso Amorim.<\/p>\n\n\n\n<p><a href=\"https:\/\/maspolitica.online\">https:\/\/maspolitica.online<\/a><\/p>\n","protected":false},"excerpt":{"rendered":"<p>O petista viajar\u00e1 a Roma acompanhado da primeira-dama Ros\u00e2ngela Silva, a Janja. A comitiva completa deve ser anunciada pelo Pal\u00e1cio<\/p>\n","protected":false},"author":1,"featured_media":13348,"comment_status":"open","ping_status":"open","sticky":true,"template":"","format":"standard","meta":{"colormag_page_container_layout":"default_layout","colormag_page_sidebar_layout":"default_layout","footnotes":""},"categories":[44],"tags":[1888],"class_list":["post-13347","post","type-post","status-publish","format-standard","has-post-thumbnail","hentry","category-politica-internacional","tag-politica"],"aioseo_notices":[],"_links":{"self":[{"href":"https:\/\/maspolitica.online\/index.php\/wp-json\/wp\/v2\/posts\/13347","targetHints":{"allow":["GET"]}}],"collection":[{"href":"https:\/\/maspolitica.online\/index.php\/wp-json\/wp\/v2\/posts"}],"about":[{"href":"https:\/\/maspolitica.online\/index.php\/wp-json\/wp\/v2\/types\/post"}],"author":[{"embeddable":true,"href":"https:\/\/maspolitica.online\/index.php\/wp-json\/wp\/v2\/users\/1"}],"replies":[{"embeddable":true,"href":"https:\/\/maspolitica.online\/index.php\/wp-json\/wp\/v2\/comments?post=13347"}],"version-history":[{"count":2,"href":"https:\/\/maspolitica.online\/index.php\/wp-json\/wp\/v2\/posts\/13347\/revisions"}],"predecessor-version":[{"id":13350,"href":"https:\/\/maspolitica.online\/index.php\/wp-json\/wp\/v2\/posts\/13347\/revisions\/13350"}],"wp:featuredmedia":[{"embeddable":true,"href":"https:\/\/maspolitica.online\/index.php\/wp-json\/wp\/v2\/media\/13348"}],"wp:attachment":[{"href":"https:\/\/maspolitica.online\/index.php\/wp-json\/wp\/v2\/media?parent=13347"}],"wp:term":[{"taxonomy":"category","embeddable":true,"href":"https:\/\/maspolitica.online\/index.php\/wp-json\/wp\/v2\/categories?post=13347"},{"taxonomy":"post_tag","embeddable":true,"href":"https:\/\/maspolitica.online\/index.php\/wp-json\/wp\/v2\/tags?post=13347"}],"curies":[{"name":"wp","href":"https:\/\/api.w.org\/{rel}","templated":true}]}}