{"id":13351,"date":"2025-04-23T20:56:57","date_gmt":"2025-04-23T23:56:57","guid":{"rendered":"https:\/\/maspolitica.online\/?p=13351"},"modified":"2025-04-23T20:57:15","modified_gmt":"2025-04-23T23:57:15","slug":"o-papel-da-politica-na-construcao-de-sociedades-justas-e-democraticas","status":"publish","type":"post","link":"https:\/\/maspolitica.online\/index.php\/2025\/04\/23\/o-papel-da-politica-na-construcao-de-sociedades-justas-e-democraticas\/","title":{"rendered":"O Papel da Pol\u00edtica na Constru\u00e7\u00e3o de Sociedades Justas e Democr\u00e1ticas"},"content":{"rendered":"\n<p>A pol\u00edtica \u00e9 uma das principais ferramentas de organiza\u00e7\u00e3o da vida em sociedade. Por meio dela, tomam-se decis\u00f5es que impactam diretamente a vida dos cidad\u00e3os, desde a distribui\u00e7\u00e3o de recursos p\u00fablicos at\u00e9 a formula\u00e7\u00e3o de leis que regulam o conv\u00edvio social. Em sua ess\u00eancia, a pol\u00edtica \u00e9 o espa\u00e7o de di\u00e1logo, conflito e constru\u00e7\u00e3o de consensos.<\/p>\n\n\n\n<h3 class=\"wp-block-heading\">O que \u00e9 pol\u00edtica?<\/h3>\n\n\n\n<p>A palavra pol\u00edtica tem origem no grego <em>polis<\/em>, que significa cidade. No contexto atual, pol\u00edtica refere-se ao conjunto de atividades associadas \u00e0 tomada de decis\u00f5es em grupos, especialmente no que diz respeito \u00e0 governan\u00e7a de um Estado. Ela pode ser exercida de forma institucional, por meio de cargos p\u00fablicos e partidos, ou de maneira informal, em movimentos sociais, sindicatos e organiza\u00e7\u00f5es da sociedade civil.<\/p>\n\n\n\n<h3 class=\"wp-block-heading\">A import\u00e2ncia da participa\u00e7\u00e3o cidad\u00e3<\/h3>\n\n\n\n<p>Uma democracia saud\u00e1vel depende da participa\u00e7\u00e3o ativa dos cidad\u00e3os. Votar \u00e9 um dos mecanismos fundamentais, mas a atua\u00e7\u00e3o pol\u00edtica vai al\u00e9m das urnas. O acompanhamento das a\u00e7\u00f5es dos representantes eleitos, a participa\u00e7\u00e3o em conselhos, a mobiliza\u00e7\u00e3o social e o exerc\u00edcio da liberdade de express\u00e3o s\u00e3o formas essenciais de engajamento pol\u00edtico.<\/p>\n\n\n\n<p>A educa\u00e7\u00e3o pol\u00edtica \u00e9 fundamental nesse processo. Um cidad\u00e3o informado \u00e9 capaz de fazer escolhas mais conscientes e cobrar com mais efic\u00e1cia seus representantes. Por isso, \u00e9 importante fomentar o debate p\u00fablico, a transpar\u00eancia e o acesso \u00e0 informa\u00e7\u00e3o.<\/p>\n\n\n\n<h3 class=\"wp-block-heading\">Desafios contempor\u00e2neos<\/h3>\n\n\n\n<p>Vivemos em um per\u00edodo de transforma\u00e7\u00f5es e desafios pol\u00edticos significativos. A polariza\u00e7\u00e3o ideol\u00f3gica, a dissemina\u00e7\u00e3o de desinforma\u00e7\u00e3o, a crise de representatividade e o avan\u00e7o de discursos autorit\u00e1rios colocam em xeque valores democr\u00e1ticos consolidados.<\/p>\n\n\n\n<p>Al\u00e9m disso, quest\u00f5es como desigualdade social, mudan\u00e7as clim\u00e1ticas e avan\u00e7os tecnol\u00f3gicos exigem respostas pol\u00edticas r\u00e1pidas e eficazes. A governan\u00e7a precisa ser mais inclusiva, dialogar com a diversidade da sociedade e adaptar-se a novas demandas.<\/p>\n\n\n\n<h3 class=\"wp-block-heading\">Caminhos para o futuro<\/h3>\n\n\n\n<p>A constru\u00e7\u00e3o de uma pol\u00edtica mais justa passa pela valoriza\u00e7\u00e3o do di\u00e1logo, pelo fortalecimento das institui\u00e7\u00f5es democr\u00e1ticas e pela busca de solu\u00e7\u00f5es coletivas. O respeito \u00e0s diferen\u00e7as, a \u00e9tica p\u00fablica e o compromisso com o bem comum devem ser princ\u00edpios orientadores.<\/p>\n\n\n\n<p>Investir em educa\u00e7\u00e3o, promover a inclus\u00e3o social e combater a corrup\u00e7\u00e3o s\u00e3o medidas fundamentais para restaurar a confian\u00e7a da popula\u00e7\u00e3o nas institui\u00e7\u00f5es e garantir que a pol\u00edtica cumpra seu papel: servir \u00e0 sociedade.<\/p>\n\n\n\n<p><a href=\"https:\/\/maspolitica.online\">https:\/\/maspolitica.online<\/a><\/p>\n","protected":false},"excerpt":{"rendered":"<p>A pol\u00edtica \u00e9 uma das principais ferramentas de organiza\u00e7\u00e3o da vida em sociedade. Por meio dela, tomam-se decis\u00f5es que impactam<\/p>\n","protected":false},"author":1,"featured_media":13352,"comment_status":"open","ping_status":"open","sticky":true,"template":"","format":"standard","meta":{"colormag_page_container_layout":"default_layout","colormag_page_sidebar_layout":"default_layout","footnotes":""},"categories":[1],"tags":[1888],"class_list":["post-13351","post","type-post","status-publish","format-standard","has-post-thumbnail","hentry","category-blog","tag-politica"],"aioseo_notices":[],"_links":{"self":[{"href":"https:\/\/maspolitica.online\/index.php\/wp-json\/wp\/v2\/posts\/13351","targetHints":{"allow":["GET"]}}],"collection":[{"href":"https:\/\/maspolitica.online\/index.php\/wp-json\/wp\/v2\/posts"}],"about":[{"href":"https:\/\/maspolitica.online\/index.php\/wp-json\/wp\/v2\/types\/post"}],"author":[{"embeddable":true,"href":"https:\/\/maspolitica.online\/index.php\/wp-json\/wp\/v2\/users\/1"}],"replies":[{"embeddable":true,"href":"https:\/\/maspolitica.online\/index.php\/wp-json\/wp\/v2\/comments?post=13351"}],"version-history":[{"count":1,"href":"https:\/\/maspolitica.online\/index.php\/wp-json\/wp\/v2\/posts\/13351\/revisions"}],"predecessor-version":[{"id":13353,"href":"https:\/\/maspolitica.online\/index.php\/wp-json\/wp\/v2\/posts\/13351\/revisions\/13353"}],"wp:featuredmedia":[{"embeddable":true,"href":"https:\/\/maspolitica.online\/index.php\/wp-json\/wp\/v2\/media\/13352"}],"wp:attachment":[{"href":"https:\/\/maspolitica.online\/index.php\/wp-json\/wp\/v2\/media?parent=13351"}],"wp:term":[{"taxonomy":"category","embeddable":true,"href":"https:\/\/maspolitica.online\/index.php\/wp-json\/wp\/v2\/categories?post=13351"},{"taxonomy":"post_tag","embeddable":true,"href":"https:\/\/maspolitica.online\/index.php\/wp-json\/wp\/v2\/tags?post=13351"}],"curies":[{"name":"wp","href":"https:\/\/api.w.org\/{rel}","templated":true}]}}