{"id":13373,"date":"2025-06-08T19:19:43","date_gmt":"2025-06-08T22:19:43","guid":{"rendered":"https:\/\/maspolitica.online\/?p=13373"},"modified":"2025-06-08T19:19:43","modified_gmt":"2025-06-08T22:19:43","slug":"lula-destaca-falta-de-compromisso-politico-em-discurso-sobre-financas-globais","status":"publish","type":"post","link":"https:\/\/maspolitica.online\/index.php\/2025\/06\/08\/lula-destaca-falta-de-compromisso-politico-em-discurso-sobre-financas-globais\/","title":{"rendered":"Lula destaca falta de compromisso pol\u00edtico em discurso sobre finan\u00e7as globais"},"content":{"rendered":"\n<p><strong>Subt\u00edtulo: Durante f\u00f3rum internacional em M\u00f4naco, presidente brasileiro critica queda em investimentos para pa\u00edses pobres e aumento de gastos militares<\/strong><\/p>\n\n\n\n<p><strong>Introdu\u00e7\u00e3o:<\/strong> Neste domingo, 8 de junho de 2025, o presidente do Brasil, Luiz In\u00e1cio Lula da Silva, fez duras cr\u00edticas \u00e0 forma como os recursos financeiros est\u00e3o sendo distribu\u00eddos globalmente. Durante sua participa\u00e7\u00e3o no F\u00f3rum de Economia e Finan\u00e7as Azuis, realizado em M\u00f4naco, Lula afirmou que a ajuda oficial ao desenvolvimento (AOD) caiu 7% no \u00faltimo ano, ao mesmo tempo em que os gastos militares cresceram 9,4%.<\/p>\n\n\n\n<p><strong>Declara\u00e7\u00e3o marcante:<\/strong> \u201cN\u00e3o falta dinheiro. Falta disposi\u00e7\u00e3o e compromisso pol\u00edtico\u201d, declarou Lula, apontando para a contradi\u00e7\u00e3o entre a disponibilidade de recursos e a aus\u00eancia de a\u00e7\u00e3o concreta para reduzir desigualdades e promover o desenvolvimento sustent\u00e1vel.<\/p>\n\n\n\n<p><strong>A cr\u00edtica aos pa\u00edses desenvolvidos:<\/strong> O presidente brasileiro destacou que as na\u00e7\u00f5es mais ricas est\u00e3o priorizando investimentos militares enquanto cortam verbas destinadas a programas essenciais em pa\u00edses em desenvolvimento. Essa invers\u00e3o de prioridades, segundo Lula, impede o avan\u00e7o das metas clim\u00e1ticas e humanit\u00e1rias, al\u00e9m de agravar a instabilidade econ\u00f4mica em regi\u00f5es vulner\u00e1veis.<\/p>\n\n\n\n<p><strong>O que \u00e9 AOD:<\/strong> A Assist\u00eancia Oficial ao Desenvolvimento (AOD) refere-se a recursos financeiros fornecidos por pa\u00edses desenvolvidos a na\u00e7\u00f5es em desenvolvimento, com o objetivo de combater a pobreza e promover o crescimento sustent\u00e1vel. Os n\u00fameros citados por Lula t\u00eam base nos relat\u00f3rios da Organiza\u00e7\u00e3o para a Coopera\u00e7\u00e3o e Desenvolvimento Econ\u00f4mico (OCDE), que monitora os fluxos globais de ajuda internacional.<\/p>\n\n\n\n<p><strong>Impactos da redu\u00e7\u00e3o na AOD:<\/strong> Com a redu\u00e7\u00e3o de 7% nesses aportes, programas essenciais em sa\u00fade, educa\u00e7\u00e3o, combate \u00e0 fome e transi\u00e7\u00e3o energ\u00e9tica est\u00e3o sendo diretamente afetados. Essa retra\u00e7\u00e3o contrasta com a amplia\u00e7\u00e3o dos or\u00e7amentos militares, que subiram 9,4%, refletindo uma tend\u00eancia preocupante de prioriza\u00e7\u00e3o da seguran\u00e7a b\u00e9lica em detrimento da seguran\u00e7a humana.<\/p>\n\n\n\n<p><strong>Brasil como porta-voz do sul global:<\/strong> Lula tem adotado uma postura de lideran\u00e7a entre os pa\u00edses do chamado &#8220;sul global&#8221;, defendendo que essas na\u00e7\u00f5es sejam tratadas com respeito e que recebam o apoio necess\u00e1rio para cumprir os Objetivos de Desenvolvimento Sustent\u00e1vel (ODS). Durante o evento, ele refor\u00e7ou que o Brasil est\u00e1 comprometido com pol\u00edticas de combate \u00e0 desigualdade e \u00e0 pobreza, servindo como exemplo para a constru\u00e7\u00e3o de uma nova ordem global.<\/p>\n\n\n\n<p><strong>Apelo internacional:<\/strong> Al\u00e9m de criticar os cortes, o presidente brasileiro fez um apelo para que os l\u00edderes globais revejam suas prioridades e firmem compromissos mais s\u00f3lidos com a justi\u00e7a social e clim\u00e1tica. Segundo Lula, sem esse realinhamento, o mundo corre o risco de enfrentar uma crise \u00e9tica e moral sem precedentes.<\/p>\n\n\n\n<p><strong>A rea\u00e7\u00e3o dos presentes:<\/strong> A fala do presidente brasileiro foi recebida com aten\u00e7\u00e3o e dividiu opini\u00f5es. Enquanto representantes de pa\u00edses em desenvolvimento aplaudiram a franqueza do discurso, alguns diplomatas de pa\u00edses desenvolvidos evitaram comentar diretamente a cr\u00edtica, preferindo destacar a complexidade dos or\u00e7amentos nacionais e os desafios geopol\u00edticos atuais.<\/p>\n\n\n\n<p><strong>O papel do F\u00f3rum de M\u00f4naco:<\/strong> O F\u00f3rum de Economia e Finan\u00e7as Azuis tem como objetivo discutir formas sustent\u00e1veis de crescimento econ\u00f4mico, especialmente no que diz respeito aos oceanos e \u00e0 prote\u00e7\u00e3o ambiental. A presen\u00e7a de Lula no evento refor\u00e7ou a import\u00e2ncia do Brasil no debate clim\u00e1tico e financeiro global.<\/p>\n\n\n\n<p><strong>Desafios \u00e0 frente:<\/strong> A fala de Lula deve repercutir nas pr\u00f3ximas semanas, especialmente no contexto das negocia\u00e7\u00f5es internacionais sobre financiamento clim\u00e1tico e reformula\u00e7\u00e3o da arquitetura financeira global. O presidente brasileiro j\u00e1 anunciou que pretende levar essas quest\u00f5es tamb\u00e9m \u00e0 pr\u00f3xima Assembleia Geral da ONU.<\/p>\n\n\n\n<p><strong>Conclus\u00e3o:<\/strong> O discurso de Lula neste domingo refor\u00e7a a necessidade urgente de rever as prioridades da comunidade internacional. Ao afirmar que \u201cn\u00e3o falta dinheiro, falta compromisso pol\u00edtico\u201d, o presidente sintetiza um sentimento crescente entre os pa\u00edses em desenvolvimento: o de que os recursos existem, mas sua distribui\u00e7\u00e3o segue injusta e ineficaz.<\/p>\n\n\n\n<p><strong>Imagens sugeridas:<\/strong><\/p>\n\n\n\n<ol start=\"1\" class=\"wp-block-list\">\n<li>Lula discursando no f\u00f3rum com o mapa-m\u00fandi ao fundo.<\/li>\n\n\n\n<li>Gr\u00e1fico comparativo entre os gastos militares globais e a queda na AOD em 2024.<\/li>\n\n\n\n<li>Cena simb\u00f3lica de crian\u00e7as em regi\u00f5es carentes beneficiadas por programas de desenvolvimento.<\/li>\n<\/ol>\n\n\n\n<p><strong>Fonte:<\/strong> Ag\u00eancia Brasil, OCDE, F\u00f3rum de Economia e Finan\u00e7as Azuis, ONU.<\/p>\n\n\n\n<p><a href=\"https:\/\/maspolitica.online\">https:\/\/maspolitica.online<\/a><\/p>\n","protected":false},"excerpt":{"rendered":"<p>Subt\u00edtulo: Durante f\u00f3rum internacional em M\u00f4naco, presidente brasileiro critica queda em investimentos para pa\u00edses pobres e aumento de gastos militares<\/p>\n","protected":false},"author":1,"featured_media":13374,"comment_status":"open","ping_status":"open","sticky":true,"template":"","format":"standard","meta":{"colormag_page_container_layout":"default_layout","colormag_page_sidebar_layout":"default_layout","footnotes":""},"categories":[43],"tags":[1888],"class_list":["post-13373","post","type-post","status-publish","format-standard","has-post-thumbnail","hentry","category-politica","tag-politica"],"aioseo_notices":[],"_links":{"self":[{"href":"https:\/\/maspolitica.online\/index.php\/wp-json\/wp\/v2\/posts\/13373","targetHints":{"allow":["GET"]}}],"collection":[{"href":"https:\/\/maspolitica.online\/index.php\/wp-json\/wp\/v2\/posts"}],"about":[{"href":"https:\/\/maspolitica.online\/index.php\/wp-json\/wp\/v2\/types\/post"}],"author":[{"embeddable":true,"href":"https:\/\/maspolitica.online\/index.php\/wp-json\/wp\/v2\/users\/1"}],"replies":[{"embeddable":true,"href":"https:\/\/maspolitica.online\/index.php\/wp-json\/wp\/v2\/comments?post=13373"}],"version-history":[{"count":1,"href":"https:\/\/maspolitica.online\/index.php\/wp-json\/wp\/v2\/posts\/13373\/revisions"}],"predecessor-version":[{"id":13375,"href":"https:\/\/maspolitica.online\/index.php\/wp-json\/wp\/v2\/posts\/13373\/revisions\/13375"}],"wp:featuredmedia":[{"embeddable":true,"href":"https:\/\/maspolitica.online\/index.php\/wp-json\/wp\/v2\/media\/13374"}],"wp:attachment":[{"href":"https:\/\/maspolitica.online\/index.php\/wp-json\/wp\/v2\/media?parent=13373"}],"wp:term":[{"taxonomy":"category","embeddable":true,"href":"https:\/\/maspolitica.online\/index.php\/wp-json\/wp\/v2\/categories?post=13373"},{"taxonomy":"post_tag","embeddable":true,"href":"https:\/\/maspolitica.online\/index.php\/wp-json\/wp\/v2\/tags?post=13373"}],"curies":[{"name":"wp","href":"https:\/\/api.w.org\/{rel}","templated":true}]}}