{"id":13376,"date":"2025-06-11T22:30:19","date_gmt":"2025-06-12T01:30:19","guid":{"rendered":"https:\/\/maspolitica.online\/?p=13376"},"modified":"2025-06-11T22:32:18","modified_gmt":"2025-06-12T01:32:18","slug":"stf-decide-responsabilizar-redes-sociais-por-conteudo-ilegal-impacto-polemicas-e-o-amanha","status":"publish","type":"post","link":"https:\/\/maspolitica.online\/index.php\/2025\/06\/11\/stf-decide-responsabilizar-redes-sociais-por-conteudo-ilegal-impacto-polemicas-e-o-amanha\/","title":{"rendered":"STF decide responsabilizar redes sociais por conte\u00fado ilegal: impacto, pol\u00eamicas e o amanh\u00e3"},"content":{"rendered":"\n<h3 class=\"wp-block-heading\">1. Contexto e hist\u00f3rico<\/h3>\n\n\n\n<p>Na quarta-feira, 11 de junho de 2025, o Supremo Tribunal Federal retomou e formou maioria em um julgamento que pode alterar significativamente a responsabiliza\u00e7\u00e3o das redes sociais no Brasil . At\u00e9 o momento, a vota\u00e7\u00e3o est\u00e1 em 6 a 1 a favor \u2014 bastou a maioria simple para que a decis\u00e3o tenha for\u00e7a vinculante, embora o julgamento n\u00e3o esteja completamente encerrado  A nova posi\u00e7\u00e3o rompe com o modelo atual, definido pelo Marco Civil da Internet (2014, artigo\u202f19), que s\u00f3 permite puni\u00e7\u00f5es se houver descumprimento de ordem judicial <\/p>\n\n\n\n<h3 class=\"wp-block-heading\">2. O que mudou \u2014 e o que ainda falta<\/h3>\n\n\n\n<ul class=\"wp-block-list\">\n<li><strong>Novo paradigma<\/strong>: plataformas como Meta, X (Twitter), TikTok e Google poder\u00e3o ser penalizadas mesmo sem aviso pr\u00e9vio via magistrado, se forem responsabilizadas por conte\u00fado crimin\u00f3geno \u2014 discurso de \u00f3dio, apologia \u00e0 viol\u00eancia, desinforma\u00e7\u00e3o, etc. <\/li>\n\n\n\n<li><strong>Detalhes pendentes<\/strong>: o STF ainda definir\u00e1 exatamente quais tipos de conte\u00fado ser\u00e3o considerados ilegais e quais ser\u00e3o os crit\u00e9rios de puni\u00e7\u00e3o <\/li>\n\n\n\n<li><strong>Resist\u00eancia na Corte<\/strong>: at\u00e9 agora apenas o ministro Andr\u00e9 Mendon\u00e7a votou contra, alertando sobre os riscos \u00e0 liberdade de express\u00e3o <\/li>\n<\/ul>\n\n\n\n<h3 class=\"wp-block-heading\">3. Tr\u00eas poderes, uma briga pela regula\u00e7\u00e3o<\/h3>\n\n\n\n<p>Esse epis\u00f3dio gerou rea\u00e7\u00f5es de alto impacto:<\/p>\n\n\n\n<ul class=\"wp-block-list\">\n<li><strong>Planalto e Congresso<\/strong>: pressionam por uma regulamenta\u00e7\u00e3o clara, mas evitam deixar tudo nas m\u00e3os do STF <\/li>\n\n\n\n<li><strong>Sociedade e mercado<\/strong>: entidades como a C\u00e2mara Brasileira de Economia Digital criticam o poss\u00edvel favorecimento de grandes plataformas em detrimento de concorrentes menores .<\/li>\n\n\n\n<li><strong>For\u00e7a judicial<\/strong>: o STF, \u00e0 frente do processo, ingressa numa zona cinzenta entre legislar e julgar, algo que gera cr\u00edticas entre juristas tradicionais <\/li>\n<\/ul>\n\n\n\n<h3 class=\"wp-block-heading\">4. Por que isso importa para o leitor<\/h3>\n\n\n\n<ul class=\"wp-block-list\">\n<li><strong>Conte\u00fado na internet<\/strong>: a decis\u00e3o pode restringir ou transformar radicalmente o que se posta \u2014 com apag\u00f5es eventuais, pol\u00eamicas e modera\u00e7\u00e3o intensa.<\/li>\n\n\n\n<li><strong>Liberdade x prote\u00e7\u00e3o<\/strong>: surge um embate hist\u00f3rico entre o direito de express\u00e3o e o controle de fontes danosas, implicando no tipo de democracia digital que queremos.<\/li>\n\n\n\n<li><strong>Responsabilidade coletiva<\/strong>: a li\u00e7\u00e3o \u00e9 clara \u2014 informa\u00e7\u00e3o \u00e9 poder, mas tamb\u00e9m tem consequ\u00eancias. A era da autorregula\u00e7\u00e3o digital est\u00e1, mais do que nunca, chegando ao fim.<\/li>\n<\/ul>\n\n\n\n<h3 class=\"wp-block-heading\">5. Tom tradicional: uma reflex\u00e3o \u00e0 moda antiga<\/h3>\n\n\n\n<p>Como se fazia nos \u201cjornais de papel\u201d:<\/p>\n\n\n\n<ul class=\"wp-block-list\">\n<li>Narre os fatos com firmeza.<\/li>\n\n\n\n<li>Apresente os protagonistas: STF, ministro Barroso, Mendon\u00e7a, Planalto, entidades empresariais.<\/li>\n\n\n\n<li>D\u00ea espa\u00e7o para vozes contr\u00e1rias e favor\u00e1veis, apreendendo o balan\u00e7o entre ordem e liberdade.<\/li>\n\n\n\n<li>Finalize com uma pergunta-ret\u00f3rica que acarrete reflex\u00e3o: <em>\u201cVoc\u00ea se sente protegido por essas regras \u2014 ou teme que elas limitem sua voz?\u201d<\/em><\/li>\n<\/ul>\n\n\n\n<hr class=\"wp-block-separator has-alpha-channel-opacity\"\/>\n\n\n\n<p><a href=\"https:\/\/maspolitica.online\">https:\/\/maspolitica.online<\/a><\/p>\n\n\n\n<p><\/p>\n","protected":false},"excerpt":{"rendered":"<p>1. Contexto e hist\u00f3rico Na quarta-feira, 11 de junho de 2025, o Supremo Tribunal Federal retomou e formou maioria em<\/p>\n","protected":false},"author":1,"featured_media":13377,"comment_status":"open","ping_status":"open","sticky":true,"template":"","format":"standard","meta":{"colormag_page_container_layout":"default_layout","colormag_page_sidebar_layout":"default_layout","footnotes":""},"categories":[43],"tags":[1888],"class_list":["post-13376","post","type-post","status-publish","format-standard","has-post-thumbnail","hentry","category-politica","tag-politica"],"aioseo_notices":[],"_links":{"self":[{"href":"https:\/\/maspolitica.online\/index.php\/wp-json\/wp\/v2\/posts\/13376","targetHints":{"allow":["GET"]}}],"collection":[{"href":"https:\/\/maspolitica.online\/index.php\/wp-json\/wp\/v2\/posts"}],"about":[{"href":"https:\/\/maspolitica.online\/index.php\/wp-json\/wp\/v2\/types\/post"}],"author":[{"embeddable":true,"href":"https:\/\/maspolitica.online\/index.php\/wp-json\/wp\/v2\/users\/1"}],"replies":[{"embeddable":true,"href":"https:\/\/maspolitica.online\/index.php\/wp-json\/wp\/v2\/comments?post=13376"}],"version-history":[{"count":2,"href":"https:\/\/maspolitica.online\/index.php\/wp-json\/wp\/v2\/posts\/13376\/revisions"}],"predecessor-version":[{"id":13379,"href":"https:\/\/maspolitica.online\/index.php\/wp-json\/wp\/v2\/posts\/13376\/revisions\/13379"}],"wp:featuredmedia":[{"embeddable":true,"href":"https:\/\/maspolitica.online\/index.php\/wp-json\/wp\/v2\/media\/13377"}],"wp:attachment":[{"href":"https:\/\/maspolitica.online\/index.php\/wp-json\/wp\/v2\/media?parent=13376"}],"wp:term":[{"taxonomy":"category","embeddable":true,"href":"https:\/\/maspolitica.online\/index.php\/wp-json\/wp\/v2\/categories?post=13376"},{"taxonomy":"post_tag","embeddable":true,"href":"https:\/\/maspolitica.online\/index.php\/wp-json\/wp\/v2\/tags?post=13376"}],"curies":[{"name":"wp","href":"https:\/\/api.w.org\/{rel}","templated":true}]}}