{"id":13402,"date":"2025-08-01T11:04:29","date_gmt":"2025-08-01T14:04:29","guid":{"rendered":"https:\/\/maspolitica.online\/?p=13402"},"modified":"2025-08-01T11:04:45","modified_gmt":"2025-08-01T14:04:45","slug":"medidas-adotadas-pelo-governo-lula","status":"publish","type":"post","link":"https:\/\/maspolitica.online\/index.php\/2025\/08\/01\/medidas-adotadas-pelo-governo-lula\/","title":{"rendered":"Medidas adotadas pelo governo Lula"},"content":{"rendered":"\n<p><a href=\"https:\/\/aquinoticias.online\/index.php\/2025\/08\/01\/medidas-adotadas-pelo-governo-lula\/\"><time datetime=\"\"><\/time><\/a><a href=\"https:\/\/aquinoticias.online\/index.php\/author\/aquinoticias\/\"><\/a><\/p>\n\n\n\n<h3 class=\"wp-block-heading\">1.&nbsp;<strong>Plano de conting\u00eancia e linhas de cr\u00e9dito para exportadores<\/strong><\/h3>\n\n\n\n<p>O Minist\u00e9rio da Economia j\u00e1 apresentou a Lula um plano emergencial de apoio para empresas exportadoras \u2014 especialmente agropecu\u00e1rias, minera\u00e7\u00e3o e ind\u00fastria aeron\u00e1utica. Esse plano inclui linhas de cr\u00e9dito para garantir empregos e manter a produ\u00e7\u00e3o em meio \u00e0 crise<\/p>\n\n\n\n<h3 class=\"wp-block-heading\">2.&nbsp;<strong>Pedido de cr\u00e9dito extraordin\u00e1rio<\/strong><\/h3>\n\n\n\n<p>Para financiar o resgate \u00e0s empresas, o governo estuda solicitar um cr\u00e9dito extraordin\u00e1rio ao Congresso fora do teto do arcabou\u00e7o fiscal \u2014 uso permitido via Medida Provis\u00f3ria e justificado como despesa \u201cabnormal\u201d decorrente da crise<\/p>\n\n\n\n<h3 class=\"wp-block-heading\">3.&nbsp;<strong>Aplica\u00e7\u00e3o da Lei de Reciprocidade Comercial<\/strong><\/h3>\n\n\n\n<p>Desde julho de 2025, com a Lei 15.122\/2025 e o decreto regulamentador, o Brasil autorizou medidas retaliat\u00f3rias, inclusive tarif\u00e1rias, contra os produtos dos EUA. Essas contramedidas podem chegar a 50%, mas&nbsp;<strong>ainda n\u00e3o foram aplicadas<\/strong>&nbsp;at\u00e9 o momento<\/p>\n\n\n\n<h3 class=\"wp-block-heading\">4.&nbsp;<strong>Recursos junto \u00e0 OMC e tentativas de di\u00e1logo<\/strong><\/h3>\n\n\n\n<p>O governo brasileiro protocolou recurso na Organiza\u00e7\u00e3o Mundial do Com\u00e9rcio e buscou intermedia\u00e7\u00e3o diplom\u00e1tica. O vice-presidente Geraldo Alckmin lidera di\u00e1logos com setores produtivos e autoridades dos EUA, embora sem sucesso em contato direto com a Casa Branca at\u00e9 o momento<\/p>\n\n\n\n<h3 class=\"wp-block-heading\">5.&nbsp;<strong>Articula\u00e7\u00e3o com estados<\/strong><\/h3>\n\n\n\n<p>Governadores, especialmente do Cons\u00f3rcio Nordeste, reuniram-se com Lula para alinhar a\u00e7\u00f5es e tamb\u00e9m anunciaram mecanismos pr\u00f3prios de apoio aos setores mais afetados, como cr\u00e9dito e subs\u00eddios regionais&nbsp;<a href=\"https:\/\/agenciabrasil.ebc.com.br\/economia\/noticia\/2025-07\/tarifaco-governadores-do-consorcio-nordeste-se-reunirao-com-lula?utm_source=chatgpt.com\" target=\"_blank\" rel=\"noreferrer noopener\">J<\/a><\/p>\n\n\n\n<h3 class=\"wp-block-heading\">6.&nbsp;<strong>Al\u00edvio parcial com lista de exce\u00e7\u00f5es<\/strong><\/h3>\n\n\n\n<p>Do total de exporta\u00e7\u00f5es brasileiras para os EUA, cerca de&nbsp;<strong>44\u201145% ficaram fora da tarifa adicional<\/strong>, gra\u00e7as a uma lista de exce\u00e7\u00f5es que protegeu setores estrat\u00e9gicos como Embraer, suco de laranja, derivados energ\u00e9ticos, aeronaves e castanhas. Ainda assim, ~36% das exporta\u00e7\u00f5es (aprox. US$\u202f14,5\u202fbi em 2024) foram diretamente atingidas&nbsp;<a href=\"https:\/\/www.cartacapital.com.br\/politica\/governo-lula-ve-impacto-limitado-em-tarifaco-dos-eua-mas-estuda-resposta-estrategica\/?utm_source=chatgpt.com\" target=\"_blank\" rel=\"noreferrer noopener\">C<\/a><\/p>\n\n\n\n<hr class=\"wp-block-separator has-alpha-channel-opacity\"\/>\n\n\n\n<p>O Brasil est\u00e1 se apoiando em instrumentos cl\u00e1ssicos de Estado: o di\u00e1logo diplom\u00e1tico, resposta via OMC, arranjo fiscal emergencial e solidariedade federativa com os estados. N\u00e3o \u00e9 hora de cortes radicais: \u00e9 hora de preservar emprego, produ\u00e7\u00e3o e garantir a soberania econ\u00f4mica \u2014 como sempre se fez quando o pa\u00eds enfrentou crises externas.<\/p>\n\n\n\n<hr class=\"wp-block-separator has-alpha-channel-opacity\"\/>\n\n\n\n<p>O governo Lula, numa abordagem tradicional e pragm\u00e1tica, est\u00e1 se mobilizando com medidas jur\u00eddicas, financeiras e diplom\u00e1ticas para minimizar o impacto do tarifa\u00e7o. At\u00e9 o momento, evitou-se grandes retalia\u00e7\u00f5es diretas, preferindo focar no apoio aos setores afetados e na negocia\u00e7\u00e3o internacional.<\/p>\n\n\n\n<p><a href=\"https:\/\/maspolitica.online\">https:\/\/maspolitica.online<\/a><\/p>\n","protected":false},"excerpt":{"rendered":"<p>1.&nbsp;Plano de conting\u00eancia e linhas de cr\u00e9dito para exportadores O Minist\u00e9rio da Economia j\u00e1 apresentou a Lula um plano emergencial<\/p>\n","protected":false},"author":1,"featured_media":13403,"comment_status":"open","ping_status":"open","sticky":true,"template":"","format":"standard","meta":{"colormag_page_container_layout":"default_layout","colormag_page_sidebar_layout":"default_layout","footnotes":""},"categories":[44],"tags":[1888],"class_list":["post-13402","post","type-post","status-publish","format-standard","has-post-thumbnail","hentry","category-politica-internacional","tag-politica"],"aioseo_notices":[],"_links":{"self":[{"href":"https:\/\/maspolitica.online\/index.php\/wp-json\/wp\/v2\/posts\/13402","targetHints":{"allow":["GET"]}}],"collection":[{"href":"https:\/\/maspolitica.online\/index.php\/wp-json\/wp\/v2\/posts"}],"about":[{"href":"https:\/\/maspolitica.online\/index.php\/wp-json\/wp\/v2\/types\/post"}],"author":[{"embeddable":true,"href":"https:\/\/maspolitica.online\/index.php\/wp-json\/wp\/v2\/users\/1"}],"replies":[{"embeddable":true,"href":"https:\/\/maspolitica.online\/index.php\/wp-json\/wp\/v2\/comments?post=13402"}],"version-history":[{"count":1,"href":"https:\/\/maspolitica.online\/index.php\/wp-json\/wp\/v2\/posts\/13402\/revisions"}],"predecessor-version":[{"id":13404,"href":"https:\/\/maspolitica.online\/index.php\/wp-json\/wp\/v2\/posts\/13402\/revisions\/13404"}],"wp:featuredmedia":[{"embeddable":true,"href":"https:\/\/maspolitica.online\/index.php\/wp-json\/wp\/v2\/media\/13403"}],"wp:attachment":[{"href":"https:\/\/maspolitica.online\/index.php\/wp-json\/wp\/v2\/media?parent=13402"}],"wp:term":[{"taxonomy":"category","embeddable":true,"href":"https:\/\/maspolitica.online\/index.php\/wp-json\/wp\/v2\/categories?post=13402"},{"taxonomy":"post_tag","embeddable":true,"href":"https:\/\/maspolitica.online\/index.php\/wp-json\/wp\/v2\/tags?post=13402"}],"curies":[{"name":"wp","href":"https:\/\/api.w.org\/{rel}","templated":true}]}}