{"id":13412,"date":"2025-08-27T15:24:51","date_gmt":"2025-08-27T18:24:51","guid":{"rendered":"https:\/\/maspolitica.online\/?p=13412"},"modified":"2025-08-27T15:34:56","modified_gmt":"2025-08-27T18:34:56","slug":"adultizacao-infantil-o-fenomeno-que-chocou-o-brasil-e-acendeu-um-debate-urgente","status":"publish","type":"post","link":"https:\/\/maspolitica.online\/index.php\/2025\/08\/27\/adultizacao-infantil-o-fenomeno-que-chocou-o-brasil-e-acendeu-um-debate-urgente\/","title":{"rendered":"Adultiza\u00e7\u00e3o Infantil: O Fen\u00f4meno Que Chocou o Brasil e Acendeu um Debate Urgente"},"content":{"rendered":"\n<p>Nos \u00faltimos meses, um assunto ganhou for\u00e7a nas redes sociais, nos notici\u00e1rios e at\u00e9 dentro do Congresso Nacional: a <strong>adultiza\u00e7\u00e3o de crian\u00e7as<\/strong>. O tema explodiu depois que o influenciador digital Felca publicou um v\u00eddeo denunciando pr\u00e1ticas de explora\u00e7\u00e3o infantil em conte\u00fados online. Em poucos dias, a grava\u00e7\u00e3o bateu mais de <strong>45 milh\u00f5es de visualiza\u00e7\u00f5es<\/strong>, levantando uma onda de indigna\u00e7\u00e3o popular.<\/p>\n\n\n\n<h2 class=\"wp-block-heading\">O que \u00e9 adultiza\u00e7\u00e3o infantil?<\/h2>\n\n\n\n<p>Adultiza\u00e7\u00e3o infantil \u00e9 quando se atribui a uma crian\u00e7a comportamentos, roupas ou responsabilidades que pertencem ao mundo adulto. Isso pode ir desde a forma de se vestir, a exposi\u00e7\u00e3o precoce \u00e0 sexualidade at\u00e9 a cobran\u00e7a por padr\u00f5es est\u00e9ticos irreais.<\/p>\n\n\n\n<p>Na pr\u00e1tica, significa <strong>roubar a inoc\u00eancia<\/strong> e a naturalidade da inf\u00e2ncia em nome de likes, dinheiro ou visibilidade. \u00c9 como se a crian\u00e7a fosse apressada a viver um papel que n\u00e3o \u00e9 dela.<\/p>\n\n\n\n<h2 class=\"wp-block-heading\">Como o caso veio \u00e0 tona<\/h2>\n\n\n\n<p>No Brasil, a discuss\u00e3o ganhou propor\u00e7\u00f5es hist\u00f3ricas quando Felca mostrou em seu v\u00eddeo que <strong>alguns conte\u00fados aparentemente inofensivos escondiam pr\u00e1ticas de explora\u00e7\u00e3o e erotiza\u00e7\u00e3o infantil<\/strong>. A den\u00fancia chocou tanto que autoridades se mobilizaram:<\/p>\n\n\n\n<ul class=\"wp-block-list\">\n<li>O Minist\u00e9rio P\u00fablico abriu <strong>investiga\u00e7\u00f5es<\/strong> contra influenciadores e produtores de conte\u00fado suspeitos.<\/li>\n\n\n\n<li>Houve <strong>pris\u00f5es de envolvidos<\/strong> em redes de explora\u00e7\u00e3o infantil.<\/li>\n\n\n\n<li>O <strong>Congresso Nacional debateu novas leis<\/strong> para aumentar a prote\u00e7\u00e3o online.<\/li>\n\n\n\n<li>O <strong>Google e o YouTube foram obrigados a exibir alertas e refor\u00e7ar pol\u00edticas de seguran\u00e7a<\/strong> para menores.<\/li>\n<\/ul>\n\n\n\n<h2 class=\"wp-block-heading\">Impacto na sociedade<\/h2>\n\n\n\n<p>A como\u00e7\u00e3o popular n\u00e3o foi apenas moment\u00e2nea. Pais, m\u00e3es, educadores e especialistas passaram a discutir mais seriamente os limites da exposi\u00e7\u00e3o infantil nas redes. O que antes era visto como \u201cfofura\u201d ou \u201ctalento precoce\u201d, hoje j\u00e1 desperta questionamentos sobre <strong>at\u00e9 que ponto a internet est\u00e1 invadindo a inf\u00e2ncia<\/strong>.<\/p>\n\n\n\n<p>Especialistas alertam que a adultiza\u00e7\u00e3o pode gerar:<\/p>\n\n\n\n<ul class=\"wp-block-list\">\n<li><strong>Problemas emocionais<\/strong> (baixa autoestima, ansiedade, depress\u00e3o).<\/li>\n\n\n\n<li><strong>Desconex\u00e3o com a inf\u00e2ncia<\/strong>, j\u00e1 que a crian\u00e7a passa a viver uma vida de adulto.<\/li>\n\n\n\n<li><strong>Exposi\u00e7\u00e3o a riscos reais<\/strong>, como aliciadores virtuais e explora\u00e7\u00e3o.<\/li>\n<\/ul>\n\n\n\n<h2 class=\"wp-block-heading\">O valor de resgatar a inf\u00e2ncia<\/h2>\n\n\n\n<p>Se pensarmos de forma tradicional, a inf\u00e2ncia sempre foi um tempo de <strong>brincar, aprender com calma, correr no quintal, ouvir hist\u00f3rias dos av\u00f3s<\/strong> e viver sem pressa. \u00c9 justamente essa fase que prepara emocionalmente o ser humano para os desafios da vida adulta.<\/p>\n\n\n\n<p>Ao for\u00e7ar uma crian\u00e7a a vestir roupas de adulto, a se comportar de forma sensualizada ou a buscar fama na internet, estamos abrindo m\u00e3o de valores que sempre foram considerados sagrados: <strong>a pureza e a inoc\u00eancia da inf\u00e2ncia<\/strong>.<\/p>\n\n\n\n<h2 class=\"wp-block-heading\">Caminhos para proteger<\/h2>\n\n\n\n<p>O debate trouxe algumas propostas importantes:<\/p>\n\n\n\n<ul class=\"wp-block-list\">\n<li><strong>Educa\u00e7\u00e3o digital para pais e filhos<\/strong>, mostrando riscos e limites da internet.<\/li>\n\n\n\n<li><strong>Regras mais r\u00edgidas para plataformas<\/strong>, que devem responder por conte\u00fados inadequados.<\/li>\n\n\n\n<li><strong>Maior responsabilidade das fam\u00edlias<\/strong>, que precisam zelar pelo bem-estar das crian\u00e7as antes de pensar em cliques ou fama.<\/li>\n<\/ul>\n\n\n\n<h2 class=\"wp-block-heading\">Conclus\u00e3o<\/h2>\n\n\n\n<p>A adultiza\u00e7\u00e3o infantil n\u00e3o \u00e9 apenas uma pol\u00eamica passageira da internet. \u00c9 um <strong>alerta social<\/strong> para que n\u00e3o deixemos a busca por engajamento atropelar valores b\u00e1sicos da vida em fam\u00edlia. Preservar a inf\u00e2ncia \u00e9 preservar o futuro \u2014 e, como dizia a sabedoria dos antigos, cada coisa tem o seu tempo certo.<\/p>\n\n\n\n<p><a href=\"https:\/\/maspolitica.online\">https:\/\/maspolitica.online<\/a><\/p>\n","protected":false},"excerpt":{"rendered":"<p>Nos \u00faltimos meses, um assunto ganhou for\u00e7a nas redes sociais, nos notici\u00e1rios e at\u00e9 dentro do Congresso Nacional: a adultiza\u00e7\u00e3o<\/p>\n","protected":false},"author":1,"featured_media":13414,"comment_status":"open","ping_status":"open","sticky":true,"template":"","format":"standard","meta":{"colormag_page_container_layout":"default_layout","colormag_page_sidebar_layout":"default_layout","footnotes":""},"categories":[43],"tags":[1888],"class_list":["post-13412","post","type-post","status-publish","format-standard","has-post-thumbnail","hentry","category-politica","tag-politica"],"aioseo_notices":[],"_links":{"self":[{"href":"https:\/\/maspolitica.online\/index.php\/wp-json\/wp\/v2\/posts\/13412","targetHints":{"allow":["GET"]}}],"collection":[{"href":"https:\/\/maspolitica.online\/index.php\/wp-json\/wp\/v2\/posts"}],"about":[{"href":"https:\/\/maspolitica.online\/index.php\/wp-json\/wp\/v2\/types\/post"}],"author":[{"embeddable":true,"href":"https:\/\/maspolitica.online\/index.php\/wp-json\/wp\/v2\/users\/1"}],"replies":[{"embeddable":true,"href":"https:\/\/maspolitica.online\/index.php\/wp-json\/wp\/v2\/comments?post=13412"}],"version-history":[{"count":1,"href":"https:\/\/maspolitica.online\/index.php\/wp-json\/wp\/v2\/posts\/13412\/revisions"}],"predecessor-version":[{"id":13413,"href":"https:\/\/maspolitica.online\/index.php\/wp-json\/wp\/v2\/posts\/13412\/revisions\/13413"}],"wp:featuredmedia":[{"embeddable":true,"href":"https:\/\/maspolitica.online\/index.php\/wp-json\/wp\/v2\/media\/13414"}],"wp:attachment":[{"href":"https:\/\/maspolitica.online\/index.php\/wp-json\/wp\/v2\/media?parent=13412"}],"wp:term":[{"taxonomy":"category","embeddable":true,"href":"https:\/\/maspolitica.online\/index.php\/wp-json\/wp\/v2\/categories?post=13412"},{"taxonomy":"post_tag","embeddable":true,"href":"https:\/\/maspolitica.online\/index.php\/wp-json\/wp\/v2\/tags?post=13412"}],"curies":[{"name":"wp","href":"https:\/\/api.w.org\/{rel}","templated":true}]}}